{"id":1890,"date":"2025-01-07T16:36:15","date_gmt":"2025-01-07T15:36:15","guid":{"rendered":"https:\/\/orchestrejonas.eu\/?p=1890"},"modified":"2025-01-07T16:36:17","modified_gmt":"2025-01-07T15:36:17","slug":"jonas-envoie-tout-valser-en-2025","status":"publish","type":"post","link":"https:\/\/orchestrejonas.eu\/index.php\/2025\/01\/07\/jonas-envoie-tout-valser-en-2025\/","title":{"rendered":"JONAS ENVOIE TOUT VALSER EN 2025 !"},"content":{"rendered":"\n<figure class=\"wp-block-image size-large\"><img fetchpriority=\"high\" decoding=\"async\" width=\"700\" height=\"990\" src=\"https:\/\/i0.wp.com\/orchestrejonas.eu\/wp-content\/uploads\/2025\/01\/Affiche-202501-Version-fluo-media-FR-724x1024.png?resize=700%2C990&#038;ssl=1\" alt=\"\" class=\"wp-image-1891\" srcset=\"https:\/\/i0.wp.com\/orchestrejonas.eu\/wp-content\/uploads\/2025\/01\/Affiche-202501-Version-fluo-media-FR.png?resize=724%2C1024&amp;ssl=1 724w, https:\/\/i0.wp.com\/orchestrejonas.eu\/wp-content\/uploads\/2025\/01\/Affiche-202501-Version-fluo-media-FR.png?resize=212%2C300&amp;ssl=1 212w, https:\/\/i0.wp.com\/orchestrejonas.eu\/wp-content\/uploads\/2025\/01\/Affiche-202501-Version-fluo-media-FR.png?resize=768%2C1086&amp;ssl=1 768w, https:\/\/i0.wp.com\/orchestrejonas.eu\/wp-content\/uploads\/2025\/01\/Affiche-202501-Version-fluo-media-FR.png?resize=1086%2C1536&amp;ssl=1 1086w, https:\/\/i0.wp.com\/orchestrejonas.eu\/wp-content\/uploads\/2025\/01\/Affiche-202501-Version-fluo-media-FR.png?resize=700%2C990&amp;ssl=1 700w, https:\/\/i0.wp.com\/orchestrejonas.eu\/wp-content\/uploads\/2025\/01\/Affiche-202501-Version-fluo-media-FR.png?resize=283%2C400&amp;ssl=1 283w, https:\/\/i0.wp.com\/orchestrejonas.eu\/wp-content\/uploads\/2025\/01\/Affiche-202501-Version-fluo-media-FR.png?w=1414&amp;ssl=1 1414w\" sizes=\"(max-width: 700px) 100vw, 700px\" data-recalc-dims=\"1\" \/><\/figure>\n","protected":false},"excerpt":{"rendered":"","protected":false},"author":1,"featured_media":0,"comment_status":"open","ping_status":"open","sticky":false,"template":"","format":"standard","meta":{"ngg_post_thumbnail":0,"_jetpack_memberships_contains_paid_content":false,"footnotes":""},"categories":[4],"tags":[],"yoast_head":"<!-- This site is optimized with the Yoast SEO plugin v23.6 - https:\/\/yoast.com\/wordpress\/plugins\/seo\/ -->\n<title>JONAS ENVOIE TOUT VALSER EN 2025 ! - Orchestre Jonas<\/title>\n<meta name=\"robots\" content=\"index, follow, max-snippet:-1, max-image-preview:large, max-video-preview:-1\" \/>\n<link rel=\"canonical\" href=\"https:\/\/orchestrejonas.eu\/index.php\/2025\/01\/07\/jonas-envoie-tout-valser-en-2025\/\" \/>\n<meta property=\"og:locale\" content=\"fr_FR\" \/>\n<meta property=\"og:type\" content=\"article\" \/>\n<meta property=\"og:title\" content=\"JONAS ENVOIE TOUT VALSER EN 2025 ! - Orchestre Jonas\" \/>\n<meta property=\"og:url\" content=\"https:\/\/orchestrejonas.eu\/index.php\/2025\/01\/07\/jonas-envoie-tout-valser-en-2025\/\" \/>\n<meta property=\"og:site_name\" content=\"Orchestre Jonas\" \/>\n<meta property=\"article:published_time\" content=\"2025-01-07T15:36:15+00:00\" \/>\n<meta property=\"article:modified_time\" content=\"2025-01-07T15:36:17+00:00\" \/>\n<meta property=\"og:image\" content=\"https:\/\/orchestrejonas.eu\/wp-content\/uploads\/2025\/01\/Affiche-202501-Version-fluo-media-FR-724x1024.png\" \/>\n<meta name=\"author\" content=\"admin7365\" \/>\n<meta name=\"twitter:card\" content=\"summary_large_image\" \/>\n<meta name=\"twitter:label1\" content=\"\u00c9crit par\" \/>\n\t<meta name=\"twitter:data1\" content=\"admin7365\" \/>\n\t<meta name=\"twitter:label2\" content=\"Dur\u00e9e de lecture estim\u00e9e\" \/>\n\t<meta name=\"twitter:data2\" content=\"1 minute\" \/>\n<script type=\"application\/ld+json\" class=\"yoast-schema-graph\">{\"@context\":\"https:\/\/schema.org\",\"@graph\":[{\"@type\":\"Article\",\"@id\":\"https:\/\/orchestrejonas.eu\/index.php\/2025\/01\/07\/jonas-envoie-tout-valser-en-2025\/#article\",\"isPartOf\":{\"@id\":\"https:\/\/orchestrejonas.eu\/index.php\/2025\/01\/07\/jonas-envoie-tout-valser-en-2025\/\"},\"author\":{\"name\":\"admin7365\",\"@id\":\"https:\/\/orchestrejonas.eu\/#\/schema\/person\/bc43b6399a26ee1ee820e0457e0cc05b\"},\"headline\":\"JONAS ENVOIE TOUT VALSER EN 2025 !\",\"datePublished\":\"2025-01-07T15:36:15+00:00\",\"dateModified\":\"2025-01-07T15:36:17+00:00\",\"mainEntityOfPage\":{\"@id\":\"https:\/\/orchestrejonas.eu\/index.php\/2025\/01\/07\/jonas-envoie-tout-valser-en-2025\/\"},\"wordCount\":5,\"commentCount\":0,\"publisher\":{\"@id\":\"https:\/\/orchestrejonas.eu\/#organization\"},\"image\":{\"@id\":\"https:\/\/orchestrejonas.eu\/index.php\/2025\/01\/07\/jonas-envoie-tout-valser-en-2025\/#primaryimage\"},\"thumbnailUrl\":\"https:\/\/orchestrejonas.eu\/wp-content\/uploads\/2025\/01\/Affiche-202501-Version-fluo-media-FR-724x1024.png\",\"articleSection\":[\"Actu\"],\"inLanguage\":\"fr-FR\",\"potentialAction\":[{\"@type\":\"CommentAction\",\"name\":\"Comment\",\"target\":[\"https:\/\/orchestrejonas.eu\/index.php\/2025\/01\/07\/jonas-envoie-tout-valser-en-2025\/#respond\"]}]},{\"@type\":\"WebPage\",\"@id\":\"https:\/\/orchestrejonas.eu\/index.php\/2025\/01\/07\/jonas-envoie-tout-valser-en-2025\/\",\"url\":\"https:\/\/orchestrejonas.eu\/index.php\/2025\/01\/07\/jonas-envoie-tout-valser-en-2025\/\",\"name\":\"JONAS ENVOIE TOUT VALSER EN 2025 ! - Orchestre Jonas\",\"isPartOf\":{\"@id\":\"https:\/\/orchestrejonas.eu\/#website\"},\"primaryImageOfPage\":{\"@id\":\"https:\/\/orchestrejonas.eu\/index.php\/2025\/01\/07\/jonas-envoie-tout-valser-en-2025\/#primaryimage\"},\"image\":{\"@id\":\"https:\/\/orchestrejonas.eu\/index.php\/2025\/01\/07\/jonas-envoie-tout-valser-en-2025\/#primaryimage\"},\"thumbnailUrl\":\"https:\/\/orchestrejonas.eu\/wp-content\/uploads\/2025\/01\/Affiche-202501-Version-fluo-media-FR-724x1024.png\",\"datePublished\":\"2025-01-07T15:36:15+00:00\",\"dateModified\":\"2025-01-07T15:36:17+00:00\",\"breadcrumb\":{\"@id\":\"https:\/\/orchestrejonas.eu\/index.php\/2025\/01\/07\/jonas-envoie-tout-valser-en-2025\/#breadcrumb\"},\"inLanguage\":\"fr-FR\",\"potentialAction\":[{\"@type\":\"ReadAction\",\"target\":[\"https:\/\/orchestrejonas.eu\/index.php\/2025\/01\/07\/jonas-envoie-tout-valser-en-2025\/\"]}]},{\"@type\":\"ImageObject\",\"inLanguage\":\"fr-FR\",\"@id\":\"https:\/\/orchestrejonas.eu\/index.php\/2025\/01\/07\/jonas-envoie-tout-valser-en-2025\/#primaryimage\",\"url\":\"https:\/\/orchestrejonas.eu\/wp-content\/uploads\/2025\/01\/Affiche-202501-Version-fluo-media-FR-724x1024.png\",\"contentUrl\":\"https:\/\/orchestrejonas.eu\/wp-content\/uploads\/2025\/01\/Affiche-202501-Version-fluo-media-FR-724x1024.png\"},{\"@type\":\"BreadcrumbList\",\"@id\":\"https:\/\/orchestrejonas.eu\/index.php\/2025\/01\/07\/jonas-envoie-tout-valser-en-2025\/#breadcrumb\",\"itemListElement\":[{\"@type\":\"ListItem\",\"position\":1,\"name\":\"Accueil\",\"item\":\"https:\/\/orchestrejonas.eu\/\"},{\"@type\":\"ListItem\",\"position\":2,\"name\":\"JONAS ENVOIE TOUT VALSER EN 2025 !\"}]},{\"@type\":\"WebSite\",\"@id\":\"https:\/\/orchestrejonas.eu\/#website\",\"url\":\"https:\/\/orchestrejonas.eu\/\",\"name\":\"Orchestre Jonas\",\"description\":\"Orchestre symphonique franco-allemand\",\"publisher\":{\"@id\":\"https:\/\/orchestrejonas.eu\/#organization\"},\"potentialAction\":[{\"@type\":\"SearchAction\",\"target\":{\"@type\":\"EntryPoint\",\"urlTemplate\":\"https:\/\/orchestrejonas.eu\/?s={search_term_string}\"},\"query-input\":{\"@type\":\"PropertyValueSpecification\",\"valueRequired\":true,\"valueName\":\"search_term_string\"}}],\"inLanguage\":\"fr-FR\"},{\"@type\":\"Organization\",\"@id\":\"https:\/\/orchestrejonas.eu\/#organization\",\"name\":\"Orchestre Jonas\",\"url\":\"https:\/\/orchestrejonas.eu\/\",\"logo\":{\"@type\":\"ImageObject\",\"inLanguage\":\"fr-FR\",\"@id\":\"https:\/\/orchestrejonas.eu\/#\/schema\/logo\/image\/\",\"url\":\"https:\/\/i0.wp.com\/orchestrejonas.eu\/wp-content\/uploads\/2018\/02\/cropped-Jonas_logo_v7c2-1-1.png?fit=1000%2C1000&ssl=1\",\"contentUrl\":\"https:\/\/i0.wp.com\/orchestrejonas.eu\/wp-content\/uploads\/2018\/02\/cropped-Jonas_logo_v7c2-1-1.png?fit=1000%2C1000&ssl=1\",\"width\":1000,\"height\":1000,\"caption\":\"Orchestre Jonas\"},\"image\":{\"@id\":\"https:\/\/orchestrejonas.eu\/#\/schema\/logo\/image\/\"}},{\"@type\":\"Person\",\"@id\":\"https:\/\/orchestrejonas.eu\/#\/schema\/person\/bc43b6399a26ee1ee820e0457e0cc05b\",\"name\":\"admin7365\",\"image\":{\"@type\":\"ImageObject\",\"inLanguage\":\"fr-FR\",\"@id\":\"https:\/\/orchestrejonas.eu\/#\/schema\/person\/image\/\",\"url\":\"https:\/\/secure.gravatar.com\/avatar\/029af460e9898376f2908b5c32ea63ea?s=96&d=mm&r=g\",\"contentUrl\":\"https:\/\/secure.gravatar.com\/avatar\/029af460e9898376f2908b5c32ea63ea?s=96&d=mm&r=g\",\"caption\":\"admin7365\"},\"url\":\"https:\/\/orchestrejonas.eu\/index.php\/author\/admin7365\/\"}]}<\/script>\n<!-- \/ Yoast SEO plugin. -->","yoast_head_json":{"title":"JONAS ENVOIE TOUT VALSER EN 2025 ! - Orchestre Jonas","robots":{"index":"index","follow":"follow","max-snippet":"max-snippet:-1","max-image-preview":"max-image-preview:large","max-video-preview":"max-video-preview:-1"},"canonical":"https:\/\/orchestrejonas.eu\/index.php\/2025\/01\/07\/jonas-envoie-tout-valser-en-2025\/","og_locale":"fr_FR","og_type":"article","og_title":"JONAS ENVOIE TOUT VALSER EN 2025 ! - Orchestre Jonas","og_url":"https:\/\/orchestrejonas.eu\/index.php\/2025\/01\/07\/jonas-envoie-tout-valser-en-2025\/","og_site_name":"Orchestre Jonas","article_published_time":"2025-01-07T15:36:15+00:00","article_modified_time":"2025-01-07T15:36:17+00:00","og_image":[{"url":"https:\/\/orchestrejonas.eu\/wp-content\/uploads\/2025\/01\/Affiche-202501-Version-fluo-media-FR-724x1024.png"}],"author":"admin7365","twitter_card":"summary_large_image","twitter_misc":{"\u00c9crit par":"admin7365","Dur\u00e9e de lecture estim\u00e9e":"1 minute"},"schema":{"@context":"https:\/\/schema.org","@graph":[{"@type":"Article","@id":"https:\/\/orchestrejonas.eu\/index.php\/2025\/01\/07\/jonas-envoie-tout-valser-en-2025\/#article","isPartOf":{"@id":"https:\/\/orchestrejonas.eu\/index.php\/2025\/01\/07\/jonas-envoie-tout-valser-en-2025\/"},"author":{"name":"admin7365","@id":"https:\/\/orchestrejonas.eu\/#\/schema\/person\/bc43b6399a26ee1ee820e0457e0cc05b"},"headline":"JONAS ENVOIE TOUT VALSER EN 2025 !","datePublished":"2025-01-07T15:36:15+00:00","dateModified":"2025-01-07T15:36:17+00:00","mainEntityOfPage":{"@id":"https:\/\/orchestrejonas.eu\/index.php\/2025\/01\/07\/jonas-envoie-tout-valser-en-2025\/"},"wordCount":5,"commentCount":0,"publisher":{"@id":"https:\/\/orchestrejonas.eu\/#organization"},"image":{"@id":"https:\/\/orchestrejonas.eu\/index.php\/2025\/01\/07\/jonas-envoie-tout-valser-en-2025\/#primaryimage"},"thumbnailUrl":"https:\/\/orchestrejonas.eu\/wp-content\/uploads\/2025\/01\/Affiche-202501-Version-fluo-media-FR-724x1024.png","articleSection":["Actu"],"inLanguage":"fr-FR","potentialAction":[{"@type":"CommentAction","name":"Comment","target":["https:\/\/orchestrejonas.eu\/index.php\/2025\/01\/07\/jonas-envoie-tout-valser-en-2025\/#respond"]}]},{"@type":"WebPage","@id":"https:\/\/orchestrejonas.eu\/index.php\/2025\/01\/07\/jonas-envoie-tout-valser-en-2025\/","url":"https:\/\/orchestrejonas.eu\/index.php\/2025\/01\/07\/jonas-envoie-tout-valser-en-2025\/","name":"JONAS ENVOIE TOUT VALSER EN 2025 ! - Orchestre Jonas","isPartOf":{"@id":"https:\/\/orchestrejonas.eu\/#website"},"primaryImageOfPage":{"@id":"https:\/\/orchestrejonas.eu\/index.php\/2025\/01\/07\/jonas-envoie-tout-valser-en-2025\/#primaryimage"},"image":{"@id":"https:\/\/orchestrejonas.eu\/index.php\/2025\/01\/07\/jonas-envoie-tout-valser-en-2025\/#primaryimage"},"thumbnailUrl":"https:\/\/orchestrejonas.eu\/wp-content\/uploads\/2025\/01\/Affiche-202501-Version-fluo-media-FR-724x1024.png","datePublished":"2025-01-07T15:36:15+00:00","dateModified":"2025-01-07T15:36:17+00:00","breadcrumb":{"@id":"https:\/\/orchestrejonas.eu\/index.php\/2025\/01\/07\/jonas-envoie-tout-valser-en-2025\/#breadcrumb"},"inLanguage":"fr-FR","potentialAction":[{"@type":"ReadAction","target":["https:\/\/orchestrejonas.eu\/index.php\/2025\/01\/07\/jonas-envoie-tout-valser-en-2025\/"]}]},{"@type":"ImageObject","inLanguage":"fr-FR","@id":"https:\/\/orchestrejonas.eu\/index.php\/2025\/01\/07\/jonas-envoie-tout-valser-en-2025\/#primaryimage","url":"https:\/\/orchestrejonas.eu\/wp-content\/uploads\/2025\/01\/Affiche-202501-Version-fluo-media-FR-724x1024.png","contentUrl":"https:\/\/orchestrejonas.eu\/wp-content\/uploads\/2025\/01\/Affiche-202501-Version-fluo-media-FR-724x1024.png"},{"@type":"BreadcrumbList","@id":"https:\/\/orchestrejonas.eu\/index.php\/2025\/01\/07\/jonas-envoie-tout-valser-en-2025\/#breadcrumb","itemListElement":[{"@type":"ListItem","position":1,"name":"Accueil","item":"https:\/\/orchestrejonas.eu\/"},{"@type":"ListItem","position":2,"name":"JONAS ENVOIE TOUT VALSER EN 2025 !"}]},{"@type":"WebSite","@id":"https:\/\/orchestrejonas.eu\/#website","url":"https:\/\/orchestrejonas.eu\/","name":"Orchestre Jonas","description":"Orchestre symphonique franco-allemand","publisher":{"@id":"https:\/\/orchestrejonas.eu\/#organization"},"potentialAction":[{"@type":"SearchAction","target":{"@type":"EntryPoint","urlTemplate":"https:\/\/orchestrejonas.eu\/?s={search_term_string}"},"query-input":{"@type":"PropertyValueSpecification","valueRequired":true,"valueName":"search_term_string"}}],"inLanguage":"fr-FR"},{"@type":"Organization","@id":"https:\/\/orchestrejonas.eu\/#organization","name":"Orchestre Jonas","url":"https:\/\/orchestrejonas.eu\/","logo":{"@type":"ImageObject","inLanguage":"fr-FR","@id":"https:\/\/orchestrejonas.eu\/#\/schema\/logo\/image\/","url":"https:\/\/i0.wp.com\/orchestrejonas.eu\/wp-content\/uploads\/2018\/02\/cropped-Jonas_logo_v7c2-1-1.png?fit=1000%2C1000&ssl=1","contentUrl":"https:\/\/i0.wp.com\/orchestrejonas.eu\/wp-content\/uploads\/2018\/02\/cropped-Jonas_logo_v7c2-1-1.png?fit=1000%2C1000&ssl=1","width":1000,"height":1000,"caption":"Orchestre Jonas"},"image":{"@id":"https:\/\/orchestrejonas.eu\/#\/schema\/logo\/image\/"}},{"@type":"Person","@id":"https:\/\/orchestrejonas.eu\/#\/schema\/person\/bc43b6399a26ee1ee820e0457e0cc05b","name":"admin7365","image":{"@type":"ImageObject","inLanguage":"fr-FR","@id":"https:\/\/orchestrejonas.eu\/#\/schema\/person\/image\/","url":"https:\/\/secure.gravatar.com\/avatar\/029af460e9898376f2908b5c32ea63ea?s=96&d=mm&r=g","contentUrl":"https:\/\/secure.gravatar.com\/avatar\/029af460e9898376f2908b5c32ea63ea?s=96&d=mm&r=g","caption":"admin7365"},"url":"https:\/\/orchestrejonas.eu\/index.php\/author\/admin7365\/"}]}},"jetpack_sharing_enabled":true,"jetpack_featured_media_url":"","_links":{"self":[{"href":"https:\/\/orchestrejonas.eu\/index.php\/wp-json\/wp\/v2\/posts\/1890"}],"collection":[{"href":"https:\/\/orchestrejonas.eu\/index.php\/wp-json\/wp\/v2\/posts"}],"about":[{"href":"https:\/\/orchestrejonas.eu\/index.php\/wp-json\/wp\/v2\/types\/post"}],"author":[{"embeddable":true,"href":"https:\/\/orchestrejonas.eu\/index.php\/wp-json\/wp\/v2\/users\/1"}],"replies":[{"embeddable":true,"href":"https:\/\/orchestrejonas.eu\/index.php\/wp-json\/wp\/v2\/comments?post=1890"}],"version-history":[{"count":1,"href":"https:\/\/orchestrejonas.eu\/index.php\/wp-json\/wp\/v2\/posts\/1890\/revisions"}],"predecessor-version":[{"id":1892,"href":"https:\/\/orchestrejonas.eu\/index.php\/wp-json\/wp\/v2\/posts\/1890\/revisions\/1892"}],"wp:attachment":[{"href":"https:\/\/orchestrejonas.eu\/index.php\/wp-json\/wp\/v2\/media?parent=1890"}],"wp:term":[{"taxonomy":"category","embeddable":true,"href":"https:\/\/orchestrejonas.eu\/index.php\/wp-json\/wp\/v2\/categories?post=1890"},{"taxonomy":"post_tag","embeddable":true,"href":"https:\/\/orchestrejonas.eu\/index.php\/wp-json\/wp\/v2\/tags?post=1890"}],"curies":[{"name":"wp","href":"https:\/\/api.w.org\/{rel}","templated":true}]}}