{"id":1860,"date":"2024-06-04T15:54:17","date_gmt":"2024-06-04T13:54:17","guid":{"rendered":"https:\/\/orchestrejonas.eu\/?p=1860"},"modified":"2024-06-05T16:19:30","modified_gmt":"2024-06-05T14:19:30","slug":"jonas-fete-lete","status":"publish","type":"post","link":"https:\/\/orchestrejonas.eu\/index.php\/2024\/06\/04\/jonas-fete-lete\/","title":{"rendered":"Jonas f\u00eate l&rsquo;\u00e9t\u00e9 !"},"content":{"rendered":"\n<figure class=\"wp-block-image size-full\"><img fetchpriority=\"high\" decoding=\"async\" width=\"700\" height=\"587\" src=\"https:\/\/i0.wp.com\/orchestrejonas.eu\/wp-content\/uploads\/2024\/06\/Post-facebookJonas-FETE-LETE-Publication-Facebook.png?resize=700%2C587&#038;ssl=1\" alt=\"\" class=\"wp-image-1861\" srcset=\"https:\/\/i0.wp.com\/orchestrejonas.eu\/wp-content\/uploads\/2024\/06\/Post-facebookJonas-FETE-LETE-Publication-Facebook.png?w=940&amp;ssl=1 940w, https:\/\/i0.wp.com\/orchestrejonas.eu\/wp-content\/uploads\/2024\/06\/Post-facebookJonas-FETE-LETE-Publication-Facebook.png?resize=300%2C251&amp;ssl=1 300w, https:\/\/i0.wp.com\/orchestrejonas.eu\/wp-content\/uploads\/2024\/06\/Post-facebookJonas-FETE-LETE-Publication-Facebook.png?resize=768%2C644&amp;ssl=1 768w, https:\/\/i0.wp.com\/orchestrejonas.eu\/wp-content\/uploads\/2024\/06\/Post-facebookJonas-FETE-LETE-Publication-Facebook.png?resize=700%2C587&amp;ssl=1 700w, https:\/\/i0.wp.com\/orchestrejonas.eu\/wp-content\/uploads\/2024\/06\/Post-facebookJonas-FETE-LETE-Publication-Facebook.png?resize=477%2C400&amp;ssl=1 477w\" sizes=\"(max-width: 700px) 100vw, 700px\" data-recalc-dims=\"1\" \/><\/figure>\n\n\n\n<p><\/p>\n\n\n\n<p>Soutenez les actions de l&rsquo;orchestre gr\u00e2ce \u00e0 vos dons !<\/p>\n\n\n\n<div class=\"wp-block-brad-border-box\">\t\t\t<iframe src=\"https:\/\/www.helloasso.com\/associations\/orchestre-jonas\/formulaires\/3\/widget-bouton\"  id=\"idIframe\" style=\"width:200px; height:70px; border:none;\" border=\"0\"><\/iframe>\n\t\t\t<\/div>\n","protected":false},"excerpt":{"rendered":"<p>Soutenez les actions de l&rsquo;orchestre gr\u00e2ce \u00e0 vos dons !<\/p>\n","protected":false},"author":1,"featured_media":0,"comment_status":"open","ping_status":"open","sticky":false,"template":"","format":"standard","meta":{"ngg_post_thumbnail":0,"_jetpack_memberships_contains_paid_content":false,"footnotes":""},"categories":[10],"tags":[],"yoast_head":"<!-- This site is optimized with the Yoast SEO plugin v23.6 - https:\/\/yoast.com\/wordpress\/plugins\/seo\/ -->\n<title>Jonas f\u00eate l&#039;\u00e9t\u00e9 ! - Orchestre Jonas<\/title>\n<meta name=\"robots\" content=\"index, follow, max-snippet:-1, max-image-preview:large, max-video-preview:-1\" \/>\n<link rel=\"canonical\" href=\"https:\/\/orchestrejonas.eu\/index.php\/2024\/06\/04\/jonas-fete-lete\/\" \/>\n<meta property=\"og:locale\" content=\"fr_FR\" \/>\n<meta property=\"og:type\" content=\"article\" \/>\n<meta property=\"og:title\" content=\"Jonas f\u00eate l&#039;\u00e9t\u00e9 ! - Orchestre Jonas\" \/>\n<meta property=\"og:description\" content=\"Soutenez les actions de l&rsquo;orchestre gr\u00e2ce \u00e0 vos dons !\" \/>\n<meta property=\"og:url\" content=\"https:\/\/orchestrejonas.eu\/index.php\/2024\/06\/04\/jonas-fete-lete\/\" \/>\n<meta property=\"og:site_name\" content=\"Orchestre Jonas\" \/>\n<meta property=\"article:published_time\" content=\"2024-06-04T13:54:17+00:00\" \/>\n<meta property=\"article:modified_time\" content=\"2024-06-05T14:19:30+00:00\" \/>\n<meta property=\"og:image\" content=\"https:\/\/orchestrejonas.eu\/wp-content\/uploads\/2024\/06\/Post-facebookJonas-FETE-LETE-Publication-Facebook.png\" \/>\n<meta name=\"author\" content=\"admin7365\" \/>\n<meta name=\"twitter:card\" content=\"summary_large_image\" \/>\n<meta name=\"twitter:label1\" content=\"\u00c9crit par\" \/>\n\t<meta name=\"twitter:data1\" content=\"admin7365\" \/>\n<script type=\"application\/ld+json\" class=\"yoast-schema-graph\">{\"@context\":\"https:\/\/schema.org\",\"@graph\":[{\"@type\":\"Article\",\"@id\":\"https:\/\/orchestrejonas.eu\/index.php\/2024\/06\/04\/jonas-fete-lete\/#article\",\"isPartOf\":{\"@id\":\"https:\/\/orchestrejonas.eu\/index.php\/2024\/06\/04\/jonas-fete-lete\/\"},\"author\":{\"name\":\"admin7365\",\"@id\":\"https:\/\/orchestrejonas.eu\/#\/schema\/person\/bc43b6399a26ee1ee820e0457e0cc05b\"},\"headline\":\"Jonas f\u00eate l&rsquo;\u00e9t\u00e9 !\",\"datePublished\":\"2024-06-04T13:54:17+00:00\",\"dateModified\":\"2024-06-05T14:19:30+00:00\",\"mainEntityOfPage\":{\"@id\":\"https:\/\/orchestrejonas.eu\/index.php\/2024\/06\/04\/jonas-fete-lete\/\"},\"wordCount\":26,\"commentCount\":0,\"publisher\":{\"@id\":\"https:\/\/orchestrejonas.eu\/#organization\"},\"image\":{\"@id\":\"https:\/\/orchestrejonas.eu\/index.php\/2024\/06\/04\/jonas-fete-lete\/#primaryimage\"},\"thumbnailUrl\":\"https:\/\/orchestrejonas.eu\/wp-content\/uploads\/2024\/06\/Post-facebookJonas-FETE-LETE-Publication-Facebook.png\",\"inLanguage\":\"fr-FR\",\"potentialAction\":[{\"@type\":\"CommentAction\",\"name\":\"Comment\",\"target\":[\"https:\/\/orchestrejonas.eu\/index.php\/2024\/06\/04\/jonas-fete-lete\/#respond\"]}]},{\"@type\":\"WebPage\",\"@id\":\"https:\/\/orchestrejonas.eu\/index.php\/2024\/06\/04\/jonas-fete-lete\/\",\"url\":\"https:\/\/orchestrejonas.eu\/index.php\/2024\/06\/04\/jonas-fete-lete\/\",\"name\":\"Jonas f\u00eate l'\u00e9t\u00e9 ! - Orchestre Jonas\",\"isPartOf\":{\"@id\":\"https:\/\/orchestrejonas.eu\/#website\"},\"primaryImageOfPage\":{\"@id\":\"https:\/\/orchestrejonas.eu\/index.php\/2024\/06\/04\/jonas-fete-lete\/#primaryimage\"},\"image\":{\"@id\":\"https:\/\/orchestrejonas.eu\/index.php\/2024\/06\/04\/jonas-fete-lete\/#primaryimage\"},\"thumbnailUrl\":\"https:\/\/orchestrejonas.eu\/wp-content\/uploads\/2024\/06\/Post-facebookJonas-FETE-LETE-Publication-Facebook.png\",\"datePublished\":\"2024-06-04T13:54:17+00:00\",\"dateModified\":\"2024-06-05T14:19:30+00:00\",\"breadcrumb\":{\"@id\":\"https:\/\/orchestrejonas.eu\/index.php\/2024\/06\/04\/jonas-fete-lete\/#breadcrumb\"},\"inLanguage\":\"fr-FR\",\"potentialAction\":[{\"@type\":\"ReadAction\",\"target\":[\"https:\/\/orchestrejonas.eu\/index.php\/2024\/06\/04\/jonas-fete-lete\/\"]}]},{\"@type\":\"ImageObject\",\"inLanguage\":\"fr-FR\",\"@id\":\"https:\/\/orchestrejonas.eu\/index.php\/2024\/06\/04\/jonas-fete-lete\/#primaryimage\",\"url\":\"https:\/\/orchestrejonas.eu\/wp-content\/uploads\/2024\/06\/Post-facebookJonas-FETE-LETE-Publication-Facebook.png\",\"contentUrl\":\"https:\/\/orchestrejonas.eu\/wp-content\/uploads\/2024\/06\/Post-facebookJonas-FETE-LETE-Publication-Facebook.png\"},{\"@type\":\"BreadcrumbList\",\"@id\":\"https:\/\/orchestrejonas.eu\/index.php\/2024\/06\/04\/jonas-fete-lete\/#breadcrumb\",\"itemListElement\":[{\"@type\":\"ListItem\",\"position\":1,\"name\":\"Accueil\",\"item\":\"https:\/\/orchestrejonas.eu\/\"},{\"@type\":\"ListItem\",\"position\":2,\"name\":\"Jonas f\u00eate l&rsquo;\u00e9t\u00e9 !\"}]},{\"@type\":\"WebSite\",\"@id\":\"https:\/\/orchestrejonas.eu\/#website\",\"url\":\"https:\/\/orchestrejonas.eu\/\",\"name\":\"Orchestre Jonas\",\"description\":\"Orchestre symphonique franco-allemand\",\"publisher\":{\"@id\":\"https:\/\/orchestrejonas.eu\/#organization\"},\"potentialAction\":[{\"@type\":\"SearchAction\",\"target\":{\"@type\":\"EntryPoint\",\"urlTemplate\":\"https:\/\/orchestrejonas.eu\/?s={search_term_string}\"},\"query-input\":{\"@type\":\"PropertyValueSpecification\",\"valueRequired\":true,\"valueName\":\"search_term_string\"}}],\"inLanguage\":\"fr-FR\"},{\"@type\":\"Organization\",\"@id\":\"https:\/\/orchestrejonas.eu\/#organization\",\"name\":\"Orchestre Jonas\",\"url\":\"https:\/\/orchestrejonas.eu\/\",\"logo\":{\"@type\":\"ImageObject\",\"inLanguage\":\"fr-FR\",\"@id\":\"https:\/\/orchestrejonas.eu\/#\/schema\/logo\/image\/\",\"url\":\"https:\/\/i0.wp.com\/orchestrejonas.eu\/wp-content\/uploads\/2018\/02\/cropped-Jonas_logo_v7c2-1-1.png?fit=1000%2C1000&ssl=1\",\"contentUrl\":\"https:\/\/i0.wp.com\/orchestrejonas.eu\/wp-content\/uploads\/2018\/02\/cropped-Jonas_logo_v7c2-1-1.png?fit=1000%2C1000&ssl=1\",\"width\":1000,\"height\":1000,\"caption\":\"Orchestre Jonas\"},\"image\":{\"@id\":\"https:\/\/orchestrejonas.eu\/#\/schema\/logo\/image\/\"}},{\"@type\":\"Person\",\"@id\":\"https:\/\/orchestrejonas.eu\/#\/schema\/person\/bc43b6399a26ee1ee820e0457e0cc05b\",\"name\":\"admin7365\",\"image\":{\"@type\":\"ImageObject\",\"inLanguage\":\"fr-FR\",\"@id\":\"https:\/\/orchestrejonas.eu\/#\/schema\/person\/image\/\",\"url\":\"https:\/\/secure.gravatar.com\/avatar\/029af460e9898376f2908b5c32ea63ea?s=96&d=mm&r=g\",\"contentUrl\":\"https:\/\/secure.gravatar.com\/avatar\/029af460e9898376f2908b5c32ea63ea?s=96&d=mm&r=g\",\"caption\":\"admin7365\"},\"url\":\"https:\/\/orchestrejonas.eu\/index.php\/author\/admin7365\/\"}]}<\/script>\n<!-- \/ Yoast SEO plugin. -->","yoast_head_json":{"title":"Jonas f\u00eate l'\u00e9t\u00e9 ! - Orchestre Jonas","robots":{"index":"index","follow":"follow","max-snippet":"max-snippet:-1","max-image-preview":"max-image-preview:large","max-video-preview":"max-video-preview:-1"},"canonical":"https:\/\/orchestrejonas.eu\/index.php\/2024\/06\/04\/jonas-fete-lete\/","og_locale":"fr_FR","og_type":"article","og_title":"Jonas f\u00eate l'\u00e9t\u00e9 ! - Orchestre Jonas","og_description":"Soutenez les actions de l&rsquo;orchestre gr\u00e2ce \u00e0 vos dons !","og_url":"https:\/\/orchestrejonas.eu\/index.php\/2024\/06\/04\/jonas-fete-lete\/","og_site_name":"Orchestre Jonas","article_published_time":"2024-06-04T13:54:17+00:00","article_modified_time":"2024-06-05T14:19:30+00:00","og_image":[{"url":"https:\/\/orchestrejonas.eu\/wp-content\/uploads\/2024\/06\/Post-facebookJonas-FETE-LETE-Publication-Facebook.png"}],"author":"admin7365","twitter_card":"summary_large_image","twitter_misc":{"\u00c9crit par":"admin7365"},"schema":{"@context":"https:\/\/schema.org","@graph":[{"@type":"Article","@id":"https:\/\/orchestrejonas.eu\/index.php\/2024\/06\/04\/jonas-fete-lete\/#article","isPartOf":{"@id":"https:\/\/orchestrejonas.eu\/index.php\/2024\/06\/04\/jonas-fete-lete\/"},"author":{"name":"admin7365","@id":"https:\/\/orchestrejonas.eu\/#\/schema\/person\/bc43b6399a26ee1ee820e0457e0cc05b"},"headline":"Jonas f\u00eate l&rsquo;\u00e9t\u00e9 !","datePublished":"2024-06-04T13:54:17+00:00","dateModified":"2024-06-05T14:19:30+00:00","mainEntityOfPage":{"@id":"https:\/\/orchestrejonas.eu\/index.php\/2024\/06\/04\/jonas-fete-lete\/"},"wordCount":26,"commentCount":0,"publisher":{"@id":"https:\/\/orchestrejonas.eu\/#organization"},"image":{"@id":"https:\/\/orchestrejonas.eu\/index.php\/2024\/06\/04\/jonas-fete-lete\/#primaryimage"},"thumbnailUrl":"https:\/\/orchestrejonas.eu\/wp-content\/uploads\/2024\/06\/Post-facebookJonas-FETE-LETE-Publication-Facebook.png","inLanguage":"fr-FR","potentialAction":[{"@type":"CommentAction","name":"Comment","target":["https:\/\/orchestrejonas.eu\/index.php\/2024\/06\/04\/jonas-fete-lete\/#respond"]}]},{"@type":"WebPage","@id":"https:\/\/orchestrejonas.eu\/index.php\/2024\/06\/04\/jonas-fete-lete\/","url":"https:\/\/orchestrejonas.eu\/index.php\/2024\/06\/04\/jonas-fete-lete\/","name":"Jonas f\u00eate l'\u00e9t\u00e9 ! - Orchestre Jonas","isPartOf":{"@id":"https:\/\/orchestrejonas.eu\/#website"},"primaryImageOfPage":{"@id":"https:\/\/orchestrejonas.eu\/index.php\/2024\/06\/04\/jonas-fete-lete\/#primaryimage"},"image":{"@id":"https:\/\/orchestrejonas.eu\/index.php\/2024\/06\/04\/jonas-fete-lete\/#primaryimage"},"thumbnailUrl":"https:\/\/orchestrejonas.eu\/wp-content\/uploads\/2024\/06\/Post-facebookJonas-FETE-LETE-Publication-Facebook.png","datePublished":"2024-06-04T13:54:17+00:00","dateModified":"2024-06-05T14:19:30+00:00","breadcrumb":{"@id":"https:\/\/orchestrejonas.eu\/index.php\/2024\/06\/04\/jonas-fete-lete\/#breadcrumb"},"inLanguage":"fr-FR","potentialAction":[{"@type":"ReadAction","target":["https:\/\/orchestrejonas.eu\/index.php\/2024\/06\/04\/jonas-fete-lete\/"]}]},{"@type":"ImageObject","inLanguage":"fr-FR","@id":"https:\/\/orchestrejonas.eu\/index.php\/2024\/06\/04\/jonas-fete-lete\/#primaryimage","url":"https:\/\/orchestrejonas.eu\/wp-content\/uploads\/2024\/06\/Post-facebookJonas-FETE-LETE-Publication-Facebook.png","contentUrl":"https:\/\/orchestrejonas.eu\/wp-content\/uploads\/2024\/06\/Post-facebookJonas-FETE-LETE-Publication-Facebook.png"},{"@type":"BreadcrumbList","@id":"https:\/\/orchestrejonas.eu\/index.php\/2024\/06\/04\/jonas-fete-lete\/#breadcrumb","itemListElement":[{"@type":"ListItem","position":1,"name":"Accueil","item":"https:\/\/orchestrejonas.eu\/"},{"@type":"ListItem","position":2,"name":"Jonas f\u00eate l&rsquo;\u00e9t\u00e9 !"}]},{"@type":"WebSite","@id":"https:\/\/orchestrejonas.eu\/#website","url":"https:\/\/orchestrejonas.eu\/","name":"Orchestre Jonas","description":"Orchestre symphonique franco-allemand","publisher":{"@id":"https:\/\/orchestrejonas.eu\/#organization"},"potentialAction":[{"@type":"SearchAction","target":{"@type":"EntryPoint","urlTemplate":"https:\/\/orchestrejonas.eu\/?s={search_term_string}"},"query-input":{"@type":"PropertyValueSpecification","valueRequired":true,"valueName":"search_term_string"}}],"inLanguage":"fr-FR"},{"@type":"Organization","@id":"https:\/\/orchestrejonas.eu\/#organization","name":"Orchestre Jonas","url":"https:\/\/orchestrejonas.eu\/","logo":{"@type":"ImageObject","inLanguage":"fr-FR","@id":"https:\/\/orchestrejonas.eu\/#\/schema\/logo\/image\/","url":"https:\/\/i0.wp.com\/orchestrejonas.eu\/wp-content\/uploads\/2018\/02\/cropped-Jonas_logo_v7c2-1-1.png?fit=1000%2C1000&ssl=1","contentUrl":"https:\/\/i0.wp.com\/orchestrejonas.eu\/wp-content\/uploads\/2018\/02\/cropped-Jonas_logo_v7c2-1-1.png?fit=1000%2C1000&ssl=1","width":1000,"height":1000,"caption":"Orchestre Jonas"},"image":{"@id":"https:\/\/orchestrejonas.eu\/#\/schema\/logo\/image\/"}},{"@type":"Person","@id":"https:\/\/orchestrejonas.eu\/#\/schema\/person\/bc43b6399a26ee1ee820e0457e0cc05b","name":"admin7365","image":{"@type":"ImageObject","inLanguage":"fr-FR","@id":"https:\/\/orchestrejonas.eu\/#\/schema\/person\/image\/","url":"https:\/\/secure.gravatar.com\/avatar\/029af460e9898376f2908b5c32ea63ea?s=96&d=mm&r=g","contentUrl":"https:\/\/secure.gravatar.com\/avatar\/029af460e9898376f2908b5c32ea63ea?s=96&d=mm&r=g","caption":"admin7365"},"url":"https:\/\/orchestrejonas.eu\/index.php\/author\/admin7365\/"}]}},"jetpack_sharing_enabled":true,"jetpack_featured_media_url":"","_links":{"self":[{"href":"https:\/\/orchestrejonas.eu\/index.php\/wp-json\/wp\/v2\/posts\/1860"}],"collection":[{"href":"https:\/\/orchestrejonas.eu\/index.php\/wp-json\/wp\/v2\/posts"}],"about":[{"href":"https:\/\/orchestrejonas.eu\/index.php\/wp-json\/wp\/v2\/types\/post"}],"author":[{"embeddable":true,"href":"https:\/\/orchestrejonas.eu\/index.php\/wp-json\/wp\/v2\/users\/1"}],"replies":[{"embeddable":true,"href":"https:\/\/orchestrejonas.eu\/index.php\/wp-json\/wp\/v2\/comments?post=1860"}],"version-history":[{"count":4,"href":"https:\/\/orchestrejonas.eu\/index.php\/wp-json\/wp\/v2\/posts\/1860\/revisions"}],"predecessor-version":[{"id":1871,"href":"https:\/\/orchestrejonas.eu\/index.php\/wp-json\/wp\/v2\/posts\/1860\/revisions\/1871"}],"wp:attachment":[{"href":"https:\/\/orchestrejonas.eu\/index.php\/wp-json\/wp\/v2\/media?parent=1860"}],"wp:term":[{"taxonomy":"category","embeddable":true,"href":"https:\/\/orchestrejonas.eu\/index.php\/wp-json\/wp\/v2\/categories?post=1860"},{"taxonomy":"post_tag","embeddable":true,"href":"https:\/\/orchestrejonas.eu\/index.php\/wp-json\/wp\/v2\/tags?post=1860"}],"curies":[{"name":"wp","href":"https:\/\/api.w.org\/{rel}","templated":true}]}}