{"id":1380,"date":"2018-06-13T00:44:47","date_gmt":"2018-06-12T22:44:47","guid":{"rendered":"http:\/\/orchestrejonas.eu\/?p=1380"},"modified":"2018-06-13T00:51:52","modified_gmt":"2018-06-12T22:51:52","slug":"jonas-se-fait-des-films-2","status":"publish","type":"post","link":"https:\/\/orchestrejonas.eu\/index.php\/2018\/06\/13\/jonas-se-fait-des-films-2\/","title":{"rendered":"Jonas se fait des films !"},"content":{"rendered":"<p><img fetchpriority=\"high\" decoding=\"async\" class=\"wp-image-1381 aligncenter\" src=\"https:\/\/i0.wp.com\/orchestrejonas.eu\/wp-content\/uploads\/2018\/06\/JONAS-affiche-franco-allemand.png?resize=289%2C409\" alt=\"\" width=\"289\" height=\"409\" srcset=\"https:\/\/i0.wp.com\/orchestrejonas.eu\/wp-content\/uploads\/2018\/06\/JONAS-affiche-franco-allemand.png?resize=212%2C300&amp;ssl=1 212w, https:\/\/i0.wp.com\/orchestrejonas.eu\/wp-content\/uploads\/2018\/06\/JONAS-affiche-franco-allemand.png?resize=768%2C1086&amp;ssl=1 768w, https:\/\/i0.wp.com\/orchestrejonas.eu\/wp-content\/uploads\/2018\/06\/JONAS-affiche-franco-allemand.png?resize=724%2C1024&amp;ssl=1 724w, https:\/\/i0.wp.com\/orchestrejonas.eu\/wp-content\/uploads\/2018\/06\/JONAS-affiche-franco-allemand.png?resize=700%2C990&amp;ssl=1 700w, https:\/\/i0.wp.com\/orchestrejonas.eu\/wp-content\/uploads\/2018\/06\/JONAS-affiche-franco-allemand.png?resize=2000%2C2828&amp;ssl=1 2000w, https:\/\/i0.wp.com\/orchestrejonas.eu\/wp-content\/uploads\/2018\/06\/JONAS-affiche-franco-allemand.png?resize=283%2C400&amp;ssl=1 283w, https:\/\/i0.wp.com\/orchestrejonas.eu\/wp-content\/uploads\/2018\/06\/JONAS-affiche-franco-allemand.png?w=1400 1400w, https:\/\/i0.wp.com\/orchestrejonas.eu\/wp-content\/uploads\/2018\/06\/JONAS-affiche-franco-allemand.png?w=2100 2100w\" sizes=\"(max-width: 289px) 100vw, 289px\" data-recalc-dims=\"1\" \/>&nbsp;<\/p>\n<p style=\"text-align: center;\">Jonas se fait des films !&nbsp;<\/p>\n<p style=\"text-align: center;\">Venez nous \u00e9couter lors de nos deux concerts d&rsquo;\u00e9t\u00e9 :<\/p>\n<ul>\n<li style=\"text-align: left;\">A l&rsquo;EcRhin de Gambsheim, le 30.06 \u00e0 18h30<\/li>\n<li style=\"text-align: left;\">Au Pavillon Jos\u00e9phine de l&rsquo;Orangerie \u00e0 Strasbourg, le 01.07 \u00e0 17h<\/li>\n<\/ul>\n<p style=\"text-align: left;\">Au programme : musiques de films (Harry Potter, Star Wars, Seigneur des Anneaux&#8230;)<\/p>\n","protected":false},"excerpt":{"rendered":"<p>&nbsp; Jonas se fait des films !&nbsp; Venez nous \u00e9couter lors de nos deux concerts d&rsquo;\u00e9t\u00e9 : A l&rsquo;EcRhin de Gambsheim, le 30.06 \u00e0 18h30 Au Pavillon Jos\u00e9phine de l&rsquo;Orangerie \u00e0 Strasbourg, le 01.07 \u00e0 17h Au programme : musiques de films (Harry Potter, Star Wars, Seigneur des Anneaux&#8230;)<\/p>\n","protected":false},"author":1,"featured_media":0,"comment_status":"open","ping_status":"open","sticky":false,"template":"","format":"standard","meta":{"ngg_post_thumbnail":0,"_jetpack_memberships_contains_paid_content":false,"footnotes":""},"categories":[4],"tags":[],"yoast_head":"<!-- This site is optimized with the Yoast SEO plugin v23.6 - https:\/\/yoast.com\/wordpress\/plugins\/seo\/ -->\n<title>Jonas se fait des films ! - Orchestre Jonas<\/title>\n<meta name=\"robots\" content=\"index, follow, max-snippet:-1, max-image-preview:large, max-video-preview:-1\" \/>\n<link rel=\"canonical\" href=\"https:\/\/orchestrejonas.eu\/index.php\/2018\/06\/13\/jonas-se-fait-des-films-2\/\" \/>\n<meta property=\"og:locale\" content=\"fr_FR\" \/>\n<meta property=\"og:type\" content=\"article\" \/>\n<meta property=\"og:title\" content=\"Jonas se fait des films ! - Orchestre Jonas\" \/>\n<meta property=\"og:description\" content=\"&nbsp; Jonas se fait des films !&nbsp; Venez nous \u00e9couter lors de nos deux concerts d&rsquo;\u00e9t\u00e9 : A l&rsquo;EcRhin de Gambsheim, le 30.06 \u00e0 18h30 Au Pavillon Jos\u00e9phine de l&rsquo;Orangerie \u00e0 Strasbourg, le 01.07 \u00e0 17h Au programme : musiques de films (Harry Potter, Star Wars, Seigneur des Anneaux&#8230;)\" \/>\n<meta property=\"og:url\" content=\"https:\/\/orchestrejonas.eu\/index.php\/2018\/06\/13\/jonas-se-fait-des-films-2\/\" \/>\n<meta property=\"og:site_name\" content=\"Orchestre Jonas\" \/>\n<meta property=\"article:published_time\" content=\"2018-06-12T22:44:47+00:00\" \/>\n<meta property=\"article:modified_time\" content=\"2018-06-12T22:51:52+00:00\" \/>\n<meta property=\"og:image\" content=\"http:\/\/orchestrejonas.eu\/wp-content\/uploads\/2018\/06\/JONAS-affiche-franco-allemand-212x300.png\" \/>\n<meta name=\"author\" content=\"admin7365\" \/>\n<meta name=\"twitter:card\" content=\"summary_large_image\" \/>\n<meta name=\"twitter:label1\" content=\"\u00c9crit par\" \/>\n\t<meta name=\"twitter:data1\" content=\"admin7365\" \/>\n<script type=\"application\/ld+json\" class=\"yoast-schema-graph\">{\"@context\":\"https:\/\/schema.org\",\"@graph\":[{\"@type\":\"Article\",\"@id\":\"https:\/\/orchestrejonas.eu\/index.php\/2018\/06\/13\/jonas-se-fait-des-films-2\/#article\",\"isPartOf\":{\"@id\":\"https:\/\/orchestrejonas.eu\/index.php\/2018\/06\/13\/jonas-se-fait-des-films-2\/\"},\"author\":{\"name\":\"admin7365\",\"@id\":\"https:\/\/orchestrejonas.eu\/#\/schema\/person\/bc43b6399a26ee1ee820e0457e0cc05b\"},\"headline\":\"Jonas se fait des films !\",\"datePublished\":\"2018-06-12T22:44:47+00:00\",\"dateModified\":\"2018-06-12T22:51:52+00:00\",\"mainEntityOfPage\":{\"@id\":\"https:\/\/orchestrejonas.eu\/index.php\/2018\/06\/13\/jonas-se-fait-des-films-2\/\"},\"wordCount\":51,\"commentCount\":0,\"publisher\":{\"@id\":\"https:\/\/orchestrejonas.eu\/#organization\"},\"image\":{\"@id\":\"https:\/\/orchestrejonas.eu\/index.php\/2018\/06\/13\/jonas-se-fait-des-films-2\/#primaryimage\"},\"thumbnailUrl\":\"http:\/\/orchestrejonas.eu\/wp-content\/uploads\/2018\/06\/JONAS-affiche-franco-allemand-212x300.png\",\"articleSection\":[\"Actu\"],\"inLanguage\":\"fr-FR\",\"potentialAction\":[{\"@type\":\"CommentAction\",\"name\":\"Comment\",\"target\":[\"https:\/\/orchestrejonas.eu\/index.php\/2018\/06\/13\/jonas-se-fait-des-films-2\/#respond\"]}]},{\"@type\":\"WebPage\",\"@id\":\"https:\/\/orchestrejonas.eu\/index.php\/2018\/06\/13\/jonas-se-fait-des-films-2\/\",\"url\":\"https:\/\/orchestrejonas.eu\/index.php\/2018\/06\/13\/jonas-se-fait-des-films-2\/\",\"name\":\"Jonas se fait des films ! - Orchestre Jonas\",\"isPartOf\":{\"@id\":\"https:\/\/orchestrejonas.eu\/#website\"},\"primaryImageOfPage\":{\"@id\":\"https:\/\/orchestrejonas.eu\/index.php\/2018\/06\/13\/jonas-se-fait-des-films-2\/#primaryimage\"},\"image\":{\"@id\":\"https:\/\/orchestrejonas.eu\/index.php\/2018\/06\/13\/jonas-se-fait-des-films-2\/#primaryimage\"},\"thumbnailUrl\":\"http:\/\/orchestrejonas.eu\/wp-content\/uploads\/2018\/06\/JONAS-affiche-franco-allemand-212x300.png\",\"datePublished\":\"2018-06-12T22:44:47+00:00\",\"dateModified\":\"2018-06-12T22:51:52+00:00\",\"breadcrumb\":{\"@id\":\"https:\/\/orchestrejonas.eu\/index.php\/2018\/06\/13\/jonas-se-fait-des-films-2\/#breadcrumb\"},\"inLanguage\":\"fr-FR\",\"potentialAction\":[{\"@type\":\"ReadAction\",\"target\":[\"https:\/\/orchestrejonas.eu\/index.php\/2018\/06\/13\/jonas-se-fait-des-films-2\/\"]}]},{\"@type\":\"ImageObject\",\"inLanguage\":\"fr-FR\",\"@id\":\"https:\/\/orchestrejonas.eu\/index.php\/2018\/06\/13\/jonas-se-fait-des-films-2\/#primaryimage\",\"url\":\"https:\/\/i0.wp.com\/orchestrejonas.eu\/wp-content\/uploads\/2018\/06\/JONAS-affiche-franco-allemand.png?fit=3508%2C4961&ssl=1\",\"contentUrl\":\"https:\/\/i0.wp.com\/orchestrejonas.eu\/wp-content\/uploads\/2018\/06\/JONAS-affiche-franco-allemand.png?fit=3508%2C4961&ssl=1\",\"width\":3508,\"height\":4961},{\"@type\":\"BreadcrumbList\",\"@id\":\"https:\/\/orchestrejonas.eu\/index.php\/2018\/06\/13\/jonas-se-fait-des-films-2\/#breadcrumb\",\"itemListElement\":[{\"@type\":\"ListItem\",\"position\":1,\"name\":\"Accueil\",\"item\":\"https:\/\/orchestrejonas.eu\/\"},{\"@type\":\"ListItem\",\"position\":2,\"name\":\"Jonas se fait des films !\"}]},{\"@type\":\"WebSite\",\"@id\":\"https:\/\/orchestrejonas.eu\/#website\",\"url\":\"https:\/\/orchestrejonas.eu\/\",\"name\":\"Orchestre Jonas\",\"description\":\"Orchestre symphonique franco-allemand\",\"publisher\":{\"@id\":\"https:\/\/orchestrejonas.eu\/#organization\"},\"potentialAction\":[{\"@type\":\"SearchAction\",\"target\":{\"@type\":\"EntryPoint\",\"urlTemplate\":\"https:\/\/orchestrejonas.eu\/?s={search_term_string}\"},\"query-input\":{\"@type\":\"PropertyValueSpecification\",\"valueRequired\":true,\"valueName\":\"search_term_string\"}}],\"inLanguage\":\"fr-FR\"},{\"@type\":\"Organization\",\"@id\":\"https:\/\/orchestrejonas.eu\/#organization\",\"name\":\"Orchestre Jonas\",\"url\":\"https:\/\/orchestrejonas.eu\/\",\"logo\":{\"@type\":\"ImageObject\",\"inLanguage\":\"fr-FR\",\"@id\":\"https:\/\/orchestrejonas.eu\/#\/schema\/logo\/image\/\",\"url\":\"https:\/\/i0.wp.com\/orchestrejonas.eu\/wp-content\/uploads\/2018\/02\/cropped-Jonas_logo_v7c2-1-1.png?fit=1000%2C1000&ssl=1\",\"contentUrl\":\"https:\/\/i0.wp.com\/orchestrejonas.eu\/wp-content\/uploads\/2018\/02\/cropped-Jonas_logo_v7c2-1-1.png?fit=1000%2C1000&ssl=1\",\"width\":1000,\"height\":1000,\"caption\":\"Orchestre Jonas\"},\"image\":{\"@id\":\"https:\/\/orchestrejonas.eu\/#\/schema\/logo\/image\/\"}},{\"@type\":\"Person\",\"@id\":\"https:\/\/orchestrejonas.eu\/#\/schema\/person\/bc43b6399a26ee1ee820e0457e0cc05b\",\"name\":\"admin7365\",\"image\":{\"@type\":\"ImageObject\",\"inLanguage\":\"fr-FR\",\"@id\":\"https:\/\/orchestrejonas.eu\/#\/schema\/person\/image\/\",\"url\":\"https:\/\/secure.gravatar.com\/avatar\/029af460e9898376f2908b5c32ea63ea?s=96&d=mm&r=g\",\"contentUrl\":\"https:\/\/secure.gravatar.com\/avatar\/029af460e9898376f2908b5c32ea63ea?s=96&d=mm&r=g\",\"caption\":\"admin7365\"},\"url\":\"https:\/\/orchestrejonas.eu\/index.php\/author\/admin7365\/\"}]}<\/script>\n<!-- \/ Yoast SEO plugin. -->","yoast_head_json":{"title":"Jonas se fait des films ! - Orchestre Jonas","robots":{"index":"index","follow":"follow","max-snippet":"max-snippet:-1","max-image-preview":"max-image-preview:large","max-video-preview":"max-video-preview:-1"},"canonical":"https:\/\/orchestrejonas.eu\/index.php\/2018\/06\/13\/jonas-se-fait-des-films-2\/","og_locale":"fr_FR","og_type":"article","og_title":"Jonas se fait des films ! - Orchestre Jonas","og_description":"&nbsp; Jonas se fait des films !&nbsp; Venez nous \u00e9couter lors de nos deux concerts d&rsquo;\u00e9t\u00e9 : A l&rsquo;EcRhin de Gambsheim, le 30.06 \u00e0 18h30 Au Pavillon Jos\u00e9phine de l&rsquo;Orangerie \u00e0 Strasbourg, le 01.07 \u00e0 17h Au programme : musiques de films (Harry Potter, Star Wars, Seigneur des Anneaux&#8230;)","og_url":"https:\/\/orchestrejonas.eu\/index.php\/2018\/06\/13\/jonas-se-fait-des-films-2\/","og_site_name":"Orchestre Jonas","article_published_time":"2018-06-12T22:44:47+00:00","article_modified_time":"2018-06-12T22:51:52+00:00","og_image":[{"url":"http:\/\/orchestrejonas.eu\/wp-content\/uploads\/2018\/06\/JONAS-affiche-franco-allemand-212x300.png"}],"author":"admin7365","twitter_card":"summary_large_image","twitter_misc":{"\u00c9crit par":"admin7365"},"schema":{"@context":"https:\/\/schema.org","@graph":[{"@type":"Article","@id":"https:\/\/orchestrejonas.eu\/index.php\/2018\/06\/13\/jonas-se-fait-des-films-2\/#article","isPartOf":{"@id":"https:\/\/orchestrejonas.eu\/index.php\/2018\/06\/13\/jonas-se-fait-des-films-2\/"},"author":{"name":"admin7365","@id":"https:\/\/orchestrejonas.eu\/#\/schema\/person\/bc43b6399a26ee1ee820e0457e0cc05b"},"headline":"Jonas se fait des films !","datePublished":"2018-06-12T22:44:47+00:00","dateModified":"2018-06-12T22:51:52+00:00","mainEntityOfPage":{"@id":"https:\/\/orchestrejonas.eu\/index.php\/2018\/06\/13\/jonas-se-fait-des-films-2\/"},"wordCount":51,"commentCount":0,"publisher":{"@id":"https:\/\/orchestrejonas.eu\/#organization"},"image":{"@id":"https:\/\/orchestrejonas.eu\/index.php\/2018\/06\/13\/jonas-se-fait-des-films-2\/#primaryimage"},"thumbnailUrl":"http:\/\/orchestrejonas.eu\/wp-content\/uploads\/2018\/06\/JONAS-affiche-franco-allemand-212x300.png","articleSection":["Actu"],"inLanguage":"fr-FR","potentialAction":[{"@type":"CommentAction","name":"Comment","target":["https:\/\/orchestrejonas.eu\/index.php\/2018\/06\/13\/jonas-se-fait-des-films-2\/#respond"]}]},{"@type":"WebPage","@id":"https:\/\/orchestrejonas.eu\/index.php\/2018\/06\/13\/jonas-se-fait-des-films-2\/","url":"https:\/\/orchestrejonas.eu\/index.php\/2018\/06\/13\/jonas-se-fait-des-films-2\/","name":"Jonas se fait des films ! - Orchestre Jonas","isPartOf":{"@id":"https:\/\/orchestrejonas.eu\/#website"},"primaryImageOfPage":{"@id":"https:\/\/orchestrejonas.eu\/index.php\/2018\/06\/13\/jonas-se-fait-des-films-2\/#primaryimage"},"image":{"@id":"https:\/\/orchestrejonas.eu\/index.php\/2018\/06\/13\/jonas-se-fait-des-films-2\/#primaryimage"},"thumbnailUrl":"http:\/\/orchestrejonas.eu\/wp-content\/uploads\/2018\/06\/JONAS-affiche-franco-allemand-212x300.png","datePublished":"2018-06-12T22:44:47+00:00","dateModified":"2018-06-12T22:51:52+00:00","breadcrumb":{"@id":"https:\/\/orchestrejonas.eu\/index.php\/2018\/06\/13\/jonas-se-fait-des-films-2\/#breadcrumb"},"inLanguage":"fr-FR","potentialAction":[{"@type":"ReadAction","target":["https:\/\/orchestrejonas.eu\/index.php\/2018\/06\/13\/jonas-se-fait-des-films-2\/"]}]},{"@type":"ImageObject","inLanguage":"fr-FR","@id":"https:\/\/orchestrejonas.eu\/index.php\/2018\/06\/13\/jonas-se-fait-des-films-2\/#primaryimage","url":"https:\/\/i0.wp.com\/orchestrejonas.eu\/wp-content\/uploads\/2018\/06\/JONAS-affiche-franco-allemand.png?fit=3508%2C4961&ssl=1","contentUrl":"https:\/\/i0.wp.com\/orchestrejonas.eu\/wp-content\/uploads\/2018\/06\/JONAS-affiche-franco-allemand.png?fit=3508%2C4961&ssl=1","width":3508,"height":4961},{"@type":"BreadcrumbList","@id":"https:\/\/orchestrejonas.eu\/index.php\/2018\/06\/13\/jonas-se-fait-des-films-2\/#breadcrumb","itemListElement":[{"@type":"ListItem","position":1,"name":"Accueil","item":"https:\/\/orchestrejonas.eu\/"},{"@type":"ListItem","position":2,"name":"Jonas se fait des films !"}]},{"@type":"WebSite","@id":"https:\/\/orchestrejonas.eu\/#website","url":"https:\/\/orchestrejonas.eu\/","name":"Orchestre Jonas","description":"Orchestre symphonique franco-allemand","publisher":{"@id":"https:\/\/orchestrejonas.eu\/#organization"},"potentialAction":[{"@type":"SearchAction","target":{"@type":"EntryPoint","urlTemplate":"https:\/\/orchestrejonas.eu\/?s={search_term_string}"},"query-input":{"@type":"PropertyValueSpecification","valueRequired":true,"valueName":"search_term_string"}}],"inLanguage":"fr-FR"},{"@type":"Organization","@id":"https:\/\/orchestrejonas.eu\/#organization","name":"Orchestre Jonas","url":"https:\/\/orchestrejonas.eu\/","logo":{"@type":"ImageObject","inLanguage":"fr-FR","@id":"https:\/\/orchestrejonas.eu\/#\/schema\/logo\/image\/","url":"https:\/\/i0.wp.com\/orchestrejonas.eu\/wp-content\/uploads\/2018\/02\/cropped-Jonas_logo_v7c2-1-1.png?fit=1000%2C1000&ssl=1","contentUrl":"https:\/\/i0.wp.com\/orchestrejonas.eu\/wp-content\/uploads\/2018\/02\/cropped-Jonas_logo_v7c2-1-1.png?fit=1000%2C1000&ssl=1","width":1000,"height":1000,"caption":"Orchestre Jonas"},"image":{"@id":"https:\/\/orchestrejonas.eu\/#\/schema\/logo\/image\/"}},{"@type":"Person","@id":"https:\/\/orchestrejonas.eu\/#\/schema\/person\/bc43b6399a26ee1ee820e0457e0cc05b","name":"admin7365","image":{"@type":"ImageObject","inLanguage":"fr-FR","@id":"https:\/\/orchestrejonas.eu\/#\/schema\/person\/image\/","url":"https:\/\/secure.gravatar.com\/avatar\/029af460e9898376f2908b5c32ea63ea?s=96&d=mm&r=g","contentUrl":"https:\/\/secure.gravatar.com\/avatar\/029af460e9898376f2908b5c32ea63ea?s=96&d=mm&r=g","caption":"admin7365"},"url":"https:\/\/orchestrejonas.eu\/index.php\/author\/admin7365\/"}]}},"jetpack_sharing_enabled":true,"jetpack_featured_media_url":"","_links":{"self":[{"href":"https:\/\/orchestrejonas.eu\/index.php\/wp-json\/wp\/v2\/posts\/1380"}],"collection":[{"href":"https:\/\/orchestrejonas.eu\/index.php\/wp-json\/wp\/v2\/posts"}],"about":[{"href":"https:\/\/orchestrejonas.eu\/index.php\/wp-json\/wp\/v2\/types\/post"}],"author":[{"embeddable":true,"href":"https:\/\/orchestrejonas.eu\/index.php\/wp-json\/wp\/v2\/users\/1"}],"replies":[{"embeddable":true,"href":"https:\/\/orchestrejonas.eu\/index.php\/wp-json\/wp\/v2\/comments?post=1380"}],"version-history":[{"count":10,"href":"https:\/\/orchestrejonas.eu\/index.php\/wp-json\/wp\/v2\/posts\/1380\/revisions"}],"predecessor-version":[{"id":1387,"href":"https:\/\/orchestrejonas.eu\/index.php\/wp-json\/wp\/v2\/posts\/1380\/revisions\/1387"}],"wp:attachment":[{"href":"https:\/\/orchestrejonas.eu\/index.php\/wp-json\/wp\/v2\/media?parent=1380"}],"wp:term":[{"taxonomy":"category","embeddable":true,"href":"https:\/\/orchestrejonas.eu\/index.php\/wp-json\/wp\/v2\/categories?post=1380"},{"taxonomy":"post_tag","embeddable":true,"href":"https:\/\/orchestrejonas.eu\/index.php\/wp-json\/wp\/v2\/tags?post=1380"}],"curies":[{"name":"wp","href":"https:\/\/api.w.org\/{rel}","templated":true}]}}